{"id":368,"date":"2010-09-15T22:47:49","date_gmt":"2010-09-15T20:47:49","guid":{"rendered":"http:\/\/www.medecinenaturelle.net\/presse\/?p=368"},"modified":"2019-06-27T17:10:20","modified_gmt":"2019-06-27T15:10:20","slug":"pelade","status":"publish","type":"post","link":"https:\/\/www.medecinenaturelle.net\/presse\/pelade\/","title":{"rendered":"Pelade"},"content":{"rendered":"<p>Une soudaine perte in\u00e9gale de cheveux peut \u00eatre d\u00fbe \u00e0 la condition connue sous le nom de Pelade. Cette condition est relativement commune, et jusqu&rsquo;\u00e0 qu\u2019en mai, 1000 personnes en commenc\u00e9 \u00e0 en souffrir. La cause est inconnue et elle devient parfois tr\u00e8s r\u00e9pandue et grave.<\/p>\n<p>La Pelade est un \u00e9tat caract\u00e9ris\u00e9 comme une perte in\u00e9gal du cuir chevelu, la forme g\u00e9n\u00e9rale de la Pelade typique a deux types: un type r\u00e9sultant en moins de 50% la perte de cheveux, et le deuxi\u00e8me Type r\u00e9sulte de plus de 50% de perte.<\/p>\n<p>Les causes de la pelade peuvent \u00eatre nombreuses, mais la bonne nouvelle, c&rsquo;est qu&rsquo;il peut provenir d&rsquo;un d\u00e9s\u00e9quilibre des hormones de la personne, qui, si corrig\u00e9es, participera \u00e0 la repousse des cheveux. Pour \u00eatre efficace, une s\u00e9rie de tests sanguins est n\u00e9cessaire de r\u00e9v\u00e9ler d&rsquo;\u00e9ventuels d\u00e9s\u00e9quilibres. Certaines des causes les plus courantes sont des m\u00e9dicaments, la grossesse, la pilule contraceptive, un mauvais fonctionnement de la thyro\u00efde, l\u2019an\u00e9mie, la syphilis, et l&rsquo;arthrite.<\/p>\n<p>G\u00e9n\u00e9ralement au fil du temps avec la pelade, les cheveux r\u00e9apparaissent. Bien que dans certains cas la situation persiste et \u00e0 ce moment la, des injections de st\u00e9ro\u00efdes peuvent grandement aider. Parfois, l&rsquo;\u00e9tat devient grave ou r\u00e9current, le patient peut m\u00eame perdre ses sourcils et ses cils (Alop\u00e9cie totale) sur tous les corps ou les cheveux (Alop\u00e9cie Universelle). Globalement, 50% des personnes souffrant d\u2019alop\u00e9cie avant la pubert\u00e9 ont plus de probl\u00e8mes avec cette condition tout au long de la vie.<\/p>\n<p>Il n&rsquo;existe pas de traitement qui puisse fournir une totale gu\u00e9rison des conditions de pelades graves. Une approche multidimensionnelle a inclus l&rsquo;utilisation des m\u00e9dicaments irritants et les st\u00e9ro\u00efdes syst\u00e9miques. Le traitement par am\u00e9liorateurs immunitaire est parfois utile, mais peut provoquer de d\u00e9sagr\u00e9ables effets secondaires. Les m\u00e9decines topiques avec ou sans st\u00e9ro\u00efdes oraux pour de courtes p\u00e9riodes a \u00e9t\u00e9 utilis\u00e9e. Certains m\u00e9dicaments peuvent avoir des effets dramatiques, mais ils sont habituellement temporaires.<\/p>\n<p>Pour d\u00e9cider comment traiter la pelade, l&rsquo;\u00e2ge d&rsquo;apparition et la gravit\u00e9 sont des facteurs cl\u00e9s. Nous vous conseillons de consulter votre m\u00e9decin et de demander son aide .<\/p>\n","protected":false},"excerpt":{"rendered":"<p>Une soudaine perte in\u00e9gale de cheveux peut \u00eatre d\u00fbe \u00e0 la condition connue sous le nom de Pelade. Cette condition est relativement commune, et jusqu&rsquo;\u00e0 qu\u2019en mai, 1000 personnes en commenc\u00e9 \u00e0 en souffrir. La cause est inconnue et elle devient parfois tr\u00e8s r\u00e9pandue et grave. La Pelade est un \u00e9tat caract\u00e9ris\u00e9 comme une perte&hellip;<\/p>\n","protected":false},"author":37,"featured_media":1010,"comment_status":"open","ping_status":"closed","sticky":false,"template":"","format":"standard","meta":[],"categories":[9],"tags":[],"_links":{"self":[{"href":"https:\/\/www.medecinenaturelle.net\/presse\/wp-json\/wp\/v2\/posts\/368"}],"collection":[{"href":"https:\/\/www.medecinenaturelle.net\/presse\/wp-json\/wp\/v2\/posts"}],"about":[{"href":"https:\/\/www.medecinenaturelle.net\/presse\/wp-json\/wp\/v2\/types\/post"}],"author":[{"embeddable":true,"href":"https:\/\/www.medecinenaturelle.net\/presse\/wp-json\/wp\/v2\/users\/37"}],"replies":[{"embeddable":true,"href":"https:\/\/www.medecinenaturelle.net\/presse\/wp-json\/wp\/v2\/comments?post=368"}],"version-history":[{"count":0,"href":"https:\/\/www.medecinenaturelle.net\/presse\/wp-json\/wp\/v2\/posts\/368\/revisions"}],"wp:featuredmedia":[{"embeddable":true,"href":"https:\/\/www.medecinenaturelle.net\/presse\/wp-json\/wp\/v2\/media\/1010"}],"wp:attachment":[{"href":"https:\/\/www.medecinenaturelle.net\/presse\/wp-json\/wp\/v2\/media?parent=368"}],"wp:term":[{"taxonomy":"category","embeddable":true,"href":"https:\/\/www.medecinenaturelle.net\/presse\/wp-json\/wp\/v2\/categories?post=368"},{"taxonomy":"post_tag","embeddable":true,"href":"https:\/\/www.medecinenaturelle.net\/presse\/wp-json\/wp\/v2\/tags?post=368"}],"curies":[{"name":"wp","href":"https:\/\/api.w.org\/{rel}","templated":true}]}}