{"id":109,"date":"2009-01-27T05:24:49","date_gmt":"2009-01-27T04:24:49","guid":{"rendered":"http:\/\/www.medecinenaturelle.net\/presse\/2009\/01\/perte-de-cheveux-les-causes\/"},"modified":"2019-06-27T17:45:45","modified_gmt":"2019-06-27T15:45:45","slug":"perte-de-cheveux-les-causes","status":"publish","type":"post","link":"https:\/\/www.medecinenaturelle.net\/presse\/perte-de-cheveux-les-causes\/","title":{"rendered":"Perte de cheveux : Les causes"},"content":{"rendered":"<p>Quelles sont les causes de la perte de cheveux?<\/p>\n<p>Les conditions, telles que le diab\u00e8te non contr\u00f4l\u00e9 ou la thyro\u00efde, peuvent interf\u00e9rer avec la production des cheveux et peuvent en causer leurs pertes. Les personnes ayant le lupus peuvent \u00e9galement perdre leurs cheveux. L&rsquo;hormone de d\u00e9s\u00e9quilibre qui se produit dans un syndrome des ovaires polykystiques peut aussi provoquer la perte de cheveux chez les adolescentes aussi bien que les adultes.<\/p>\n<p>Certains m\u00e9dicaments qui produisent la chute des cheveux comme effet secondaire peuvent des fois \u00eatre prescrit aux adolescents. Les pilules di\u00e9t\u00e9tiques qui contiennent \u00e9galement des amph\u00e9tamines peuvent causer la perte de cheveux. En chimioth\u00e9rapie, les m\u00e9dicaments pour le cancer sont ceux qui sont les plus connus et qui causent la perte des cheveux.<\/p>\n<p>Les cheveux trait\u00e9s chimiquement, par exemple quand on utilise de la teinture, on les blanchit, d\u00e9frise, ou permanente, cela peut causer des dommages qui les font rompre ou tomber temporairement. L\u2019alop\u00e9cie de traction est un autre type de calvitie que les r\u00e9sultats de la coiffure en fait peuvent \u00eatre permanente. L\u2019alop\u00e9cie de traction peut \u00eatre permanente si le style est port\u00e9 pendant une longue dur\u00e9e, ce qui entra\u00eenera des dommages aux follicules pileux.<\/p>\n<p>Une mauvaise alimentation peut \u00e9galement contribuer \u00e0 la perte de cheveux. C&rsquo;est la raison pour laquelle certaines personnes atteintes de troubles alimentaires comme l&rsquo;anorexie et la boulimie perdent leurs cheveux: Un corps qui n\u2019a pas suffisamment de prot\u00e9ines, de vitamines, de min\u00e9raux, ne peut pas soutenir la croissance des cheveux. Certains adolescents qui sont v\u00e9g\u00e9tariens \u00e9galement perdent leurs cheveux s\u2019ils n\u2019ont pas suffisamment de prot\u00e9ines provenant de la viande.<\/p>\n<p>Certains grands \u00e9v\u00e9nements peuvent modifier le cycle de croissance des cheveux temporairement. Par exemple, la prestation d&rsquo;un b\u00e9b\u00e9, ayant une intervention chirurgicale, ou qui passent par un \u00e9v\u00e9nement traumatisme peut provoquer temporairement un d\u00e9versement de grandes quantit\u00e9s de cheveux. Puisque que les cheveux poussent constamment, une personne peut ne pas remarquer toute la perturbation de la croissance des cheveux durant des mois entiers ! Ce type de perte de cheveux se corrige par lui-m\u00eame.<\/p>\n<p>Parmi les adultes, la cause la plus fr\u00e9quente de la perte de cheveux est l\u2019alop\u00e9cie androg\u00e9n\u00e9tique. Cette condition est caus\u00e9e par une combinaison de facteurs, y compris des hormones appel\u00e9es androg\u00e8nes et de la g\u00e9n\u00e9tique. Parfois, la perte de cheveux peut commencer d\u00e8s la mi-adolescence. Il peut \u00e9galement se produire dans les personnes qui prennent des st\u00e9ro\u00efdes comme la testost\u00e9rone qui fusionne dans leur corps.<\/p>\n","protected":false},"excerpt":{"rendered":"<p>Quelles sont les causes de la perte de cheveux? Les conditions, telles que le diab\u00e8te non contr\u00f4l\u00e9 ou la thyro\u00efde, peuvent interf\u00e9rer avec la production des cheveux et peuvent en causer leurs pertes. Les personnes ayant le lupus peuvent \u00e9galement perdre leurs cheveux. L&rsquo;hormone de d\u00e9s\u00e9quilibre qui se produit dans un syndrome des ovaires polykystiques&hellip;<\/p>\n","protected":false},"author":3,"featured_media":1026,"comment_status":"open","ping_status":"closed","sticky":false,"template":"","format":"standard","meta":[],"categories":[9],"tags":[21],"_links":{"self":[{"href":"https:\/\/www.medecinenaturelle.net\/presse\/wp-json\/wp\/v2\/posts\/109"}],"collection":[{"href":"https:\/\/www.medecinenaturelle.net\/presse\/wp-json\/wp\/v2\/posts"}],"about":[{"href":"https:\/\/www.medecinenaturelle.net\/presse\/wp-json\/wp\/v2\/types\/post"}],"author":[{"embeddable":true,"href":"https:\/\/www.medecinenaturelle.net\/presse\/wp-json\/wp\/v2\/users\/3"}],"replies":[{"embeddable":true,"href":"https:\/\/www.medecinenaturelle.net\/presse\/wp-json\/wp\/v2\/comments?post=109"}],"version-history":[{"count":0,"href":"https:\/\/www.medecinenaturelle.net\/presse\/wp-json\/wp\/v2\/posts\/109\/revisions"}],"wp:featuredmedia":[{"embeddable":true,"href":"https:\/\/www.medecinenaturelle.net\/presse\/wp-json\/wp\/v2\/media\/1026"}],"wp:attachment":[{"href":"https:\/\/www.medecinenaturelle.net\/presse\/wp-json\/wp\/v2\/media?parent=109"}],"wp:term":[{"taxonomy":"category","embeddable":true,"href":"https:\/\/www.medecinenaturelle.net\/presse\/wp-json\/wp\/v2\/categories?post=109"},{"taxonomy":"post_tag","embeddable":true,"href":"https:\/\/www.medecinenaturelle.net\/presse\/wp-json\/wp\/v2\/tags?post=109"}],"curies":[{"name":"wp","href":"https:\/\/api.w.org\/{rel}","templated":true}]}}